{"id":3031,"date":"2017-09-09T21:53:08","date_gmt":"2017-09-09T19:53:08","guid":{"rendered":"http:\/\/siedemnadziewiec.pl\/?p=3031"},"modified":"2017-09-09T21:53:08","modified_gmt":"2017-09-09T19:53:08","slug":"bazyliowe-pesto-z-kurkami","status":"publish","type":"post","link":"https:\/\/siedemnadziewiec.pl\/index.php\/2017\/09\/09\/bazyliowe-pesto-z-kurkami\/","title":{"rendered":"Bazyliowe pesto z kurkami"},"content":{"rendered":"<p><img data-attachment-id=\"3033\" data-permalink=\"https:\/\/siedemnadziewiec.pl\/index.php\/2017\/09\/09\/bazyliowe-pesto-z-kurkami\/sony-dsc-1318\/\" data-orig-file=\"https:\/\/i0.wp.com\/siedemnadziewiec.pl\/wp-content\/uploads\/2017\/07\/DSC05790.jpg?fit=3264%2C4912&amp;ssl=1\" data-orig-size=\"3264,4912\" data-comments-opened=\"1\" data-image-meta=\"{&quot;aperture&quot;:&quot;4&quot;,&quot;credit&quot;:&quot;&quot;,&quot;camera&quot;:&quot;SLT-A35&quot;,&quot;caption&quot;:&quot;SONY DSC&quot;,&quot;created_timestamp&quot;:&quot;1499791333&quot;,&quot;copyright&quot;:&quot;&quot;,&quot;focal_length&quot;:&quot;50&quot;,&quot;iso&quot;:&quot;1600&quot;,&quot;shutter_speed&quot;:&quot;0.00625&quot;,&quot;title&quot;:&quot;SONY DSC&quot;,&quot;orientation&quot;:&quot;1&quot;}\" data-image-title=\"SONY DSC\" data-image-description=\"\" data-medium-file=\"https:\/\/i0.wp.com\/siedemnadziewiec.pl\/wp-content\/uploads\/2017\/07\/DSC05790.jpg?fit=199%2C300&amp;ssl=1\" data-large-file=\"https:\/\/i0.wp.com\/siedemnadziewiec.pl\/wp-content\/uploads\/2017\/07\/DSC05790.jpg?fit=663%2C998&amp;ssl=1\" loading=\"lazy\" class=\"size-large wp-image-3033 aligncenter\" src=\"https:\/\/i0.wp.com\/siedemnadziewiec.pl\/wp-content\/uploads\/2017\/07\/DSC05790.jpg?resize=663%2C998\" alt=\"\" width=\"663\" height=\"998\" srcset=\"https:\/\/i0.wp.com\/siedemnadziewiec.pl\/wp-content\/uploads\/2017\/07\/DSC05790.jpg?resize=680%2C1024&amp;ssl=1 680w, https:\/\/i0.wp.com\/siedemnadziewiec.pl\/wp-content\/uploads\/2017\/07\/DSC05790.jpg?resize=199%2C300&amp;ssl=1 199w, https:\/\/i0.wp.com\/siedemnadziewiec.pl\/wp-content\/uploads\/2017\/07\/DSC05790.jpg?resize=768%2C1156&amp;ssl=1 768w, https:\/\/i0.wp.com\/siedemnadziewiec.pl\/wp-content\/uploads\/2017\/07\/DSC05790.jpg?resize=982%2C1478&amp;ssl=1 982w, https:\/\/i0.wp.com\/siedemnadziewiec.pl\/wp-content\/uploads\/2017\/07\/DSC05790.jpg?resize=266%2C400&amp;ssl=1 266w, https:\/\/i0.wp.com\/siedemnadziewiec.pl\/wp-content\/uploads\/2017\/07\/DSC05790.jpg?w=1326 1326w, https:\/\/i0.wp.com\/siedemnadziewiec.pl\/wp-content\/uploads\/2017\/07\/DSC05790.jpg?w=1989 1989w\" sizes=\"(max-width: 663px) 100vw, 663px\" data-recalc-dims=\"1\" \/><\/p>\n<p>&nbsp;<\/p>\n<p style=\"text-align: justify;\">\u00a0<\/p>\n<p style=\"text-align: justify;\">Dzi\u015b szybko i sezonowo \ud83d\ude42 czyli kurki z bazyliowym pesto. Gdy weekend bardzo aktywny i chcecie wykorzysta\u0107 s\u0142oneczn\u0105 pogod\u0119 na maksa \u00a0lub \u00a0nie macie ochoty na gotowanie po powrocie z pracy czy szko\u0142y. \ud83d\ude42 Zatem zapraszamy na\u00a0danie bardzo szybkie, wr\u0119cz ekspresowe,<\/p>\n<p style=\"text-align: justify;\">kt\u00f3re zrobicie w zaledwie 20 minut.\u00a0<\/p>\n<p style=\"text-align: justify;\">Sk\u0142adniki:<\/p>\n<ul style=\"text-align: justify;\">\n<li>500 g kurek<\/li>\n<li>ma\u0142a cebula szalotka<\/li>\n<li>troszk\u0119 startego parmezanu<\/li>\n<li>makaron dla 2 os\u00f3b\u00a0<\/li>\n<li>ma\u0142y s\u0142oiczek gotowego zielonego pesto (mo\u017cna te\u017c zrobi\u0107 samemu z bazylii, orzeszk\u00f3w piniowych, oliwy i czosnku)<\/li>\n<li>50 ml bia\u0142ego wina\u00a0<\/li>\n<li>\u0142y\u017cka mas\u0142a<\/li>\n<\/ul>\n<p style=\"text-align: justify;\">Na rozgrzanej patelni roztapiamy mas\u0142o, na kt\u00f3rym podsma\u017cmy drobno pokrojon\u0105 cebulk\u0119, a\u017c do momentu zeszklenia . Nast\u0119pnie dodajemy oczyszczone kurki, je\u015bli s\u0105 du\u017ce wcze\u015bniej kroimy na mniejsze kawa\u0142ki. Jednocze\u015bnie gotujemy makaron. Do kurek dolewamy bia\u0142ego wina, podsma\u017cmy wszystko chwilk\u0119 tym samym redukuj\u0105c sos. Dodajemy ugotowany makaron i s\u0142oiczek z zielonym pesto,mieszamy wszystko i posypujemy startym parmezanem. Gotowe \ud83d\ude42<\/p>\n<p>Smacznego!<\/p>\n<p><img data-attachment-id=\"3034\" data-permalink=\"https:\/\/siedemnadziewiec.pl\/index.php\/2017\/09\/09\/bazyliowe-pesto-z-kurkami\/sony-dsc-1319\/\" data-orig-file=\"https:\/\/i0.wp.com\/siedemnadziewiec.pl\/wp-content\/uploads\/2017\/07\/DSC05781.jpg?fit=4530%2C3026&amp;ssl=1\" data-orig-size=\"4530,3026\" data-comments-opened=\"1\" data-image-meta=\"{&quot;aperture&quot;:&quot;4&quot;,&quot;credit&quot;:&quot;&quot;,&quot;camera&quot;:&quot;SLT-A35&quot;,&quot;caption&quot;:&quot;SONY DSC&quot;,&quot;created_timestamp&quot;:&quot;1499790982&quot;,&quot;copyright&quot;:&quot;&quot;,&quot;focal_length&quot;:&quot;50&quot;,&quot;iso&quot;:&quot;400&quot;,&quot;shutter_speed&quot;:&quot;0.00625&quot;,&quot;title&quot;:&quot;SONY DSC&quot;,&quot;orientation&quot;:&quot;1&quot;}\" data-image-title=\"SONY DSC\" data-image-description=\"\" data-medium-file=\"https:\/\/i0.wp.com\/siedemnadziewiec.pl\/wp-content\/uploads\/2017\/07\/DSC05781.jpg?fit=300%2C200&amp;ssl=1\" data-large-file=\"https:\/\/i0.wp.com\/siedemnadziewiec.pl\/wp-content\/uploads\/2017\/07\/DSC05781.jpg?fit=663%2C443&amp;ssl=1\" loading=\"lazy\" class=\"size-large wp-image-3034 aligncenter\" src=\"https:\/\/i0.wp.com\/siedemnadziewiec.pl\/wp-content\/uploads\/2017\/07\/DSC05781.jpg?resize=663%2C443\" alt=\"\" width=\"663\" height=\"443\" srcset=\"https:\/\/i0.wp.com\/siedemnadziewiec.pl\/wp-content\/uploads\/2017\/07\/DSC05781.jpg?resize=1024%2C684&amp;ssl=1 1024w, https:\/\/i0.wp.com\/siedemnadziewiec.pl\/wp-content\/uploads\/2017\/07\/DSC05781.jpg?resize=300%2C200&amp;ssl=1 300w, https:\/\/i0.wp.com\/siedemnadziewiec.pl\/wp-content\/uploads\/2017\/07\/DSC05781.jpg?resize=768%2C513&amp;ssl=1 768w, https:\/\/i0.wp.com\/siedemnadziewiec.pl\/wp-content\/uploads\/2017\/07\/DSC05781.jpg?resize=982%2C656&amp;ssl=1 982w, https:\/\/i0.wp.com\/siedemnadziewiec.pl\/wp-content\/uploads\/2017\/07\/DSC05781.jpg?resize=400%2C267&amp;ssl=1 400w, https:\/\/i0.wp.com\/siedemnadziewiec.pl\/wp-content\/uploads\/2017\/07\/DSC05781.jpg?w=1326 1326w, https:\/\/i0.wp.com\/siedemnadziewiec.pl\/wp-content\/uploads\/2017\/07\/DSC05781.jpg?w=1989 1989w\" sizes=\"(max-width: 663px) 100vw, 663px\" data-recalc-dims=\"1\" \/><\/p>\n<p><em>A&amp;M<\/em><\/p>\n","protected":false},"excerpt":{"rendered":"<p>&nbsp; \u00a0 Dzi\u015b szybko i sezonowo \ud83d\ude42 czyli kurki z bazyliowym pesto. Gdy weekend bardzo aktywny i chcecie wykorzysta\u0107 s\u0142oneczn\u0105 pogod\u0119 na maksa \u00a0lub \u00a0nie macie ochoty na gotowanie po powrocie z pracy czy szko\u0142y. \ud83d\ude42 Zatem zapraszamy na\u00a0danie bardzo szybkie, wr\u0119cz ekspresowe, kt\u00f3re zrobicie w zaledwie 20 minut.\u00a0 Sk\u0142adniki: 500 g kurek ma\u0142a cebula&hellip; <a href=\"https:\/\/siedemnadziewiec.pl\/index.php\/2017\/09\/09\/bazyliowe-pesto-z-kurkami\/\" class=\"more-link\">Continue reading <span class=\"screen-reader-text\">Bazyliowe pesto z kurkami<\/span><\/a><\/p>\n","protected":false},"author":1,"featured_media":3033,"comment_status":"open","ping_status":"open","sticky":false,"template":"","format":"standard","meta":{"spay_email":"","jetpack_publicize_message":"","jetpack_is_tweetstorm":false},"categories":[5,16],"tags":[340,341,96,133],"jetpack_featured_media_url":"https:\/\/i0.wp.com\/siedemnadziewiec.pl\/wp-content\/uploads\/2017\/07\/DSC05790.jpg?fit=3264%2C4912&ssl=1","jetpack_publicize_connections":[],"jetpack_sharing_enabled":true,"jetpack_shortlink":"https:\/\/wp.me\/p8TrAG-MT","jetpack-related-posts":[{"id":1202,"url":"https:\/\/siedemnadziewiec.pl\/index.php\/2016\/08\/06\/mietowe-pesto-z-zielonym-groszkiem\/","url_meta":{"origin":3031,"position":0},"title":"Mi\u0119towe pesto z zielonym groszkiem","date":"6 sierpnia 2016","format":false,"excerpt":"Uwielbiam lato, ale ostatni\u0105 rzecz\u0105 kt\u00f3r\u0105 chc\u0119 robi\u0107 w upalny dzie\u0144 to gotowanie w gor\u0105cej kuchni, proponuj\u0119 Wam zatem pyszny, bardzo szybki i orze\u017awiaj\u0105cy obiad. Danie w sam raz na letnie upalne dni, jest bardzo proste i szybkie w przygotowaniu.Sk\u0142adniki:300 \u015bwie\u017cego \u0142uskanego groszku lub mro\u017conego2 z\u0105bki czosnku70 dag orzeszk\u00f3w piniowych\u2026","rel":"","context":"In &quot;CO\u015a ZDROWEGO&quot;","img":{"alt_text":"","src":"https:\/\/i1.wp.com\/siedemnadziewiec.pl\/wp-content\/uploads\/2016\/08\/DSC06247-1.jpg?fit=1200%2C846&ssl=1&resize=350%2C200","width":350,"height":200},"classes":[]},{"id":5917,"url":"https:\/\/siedemnadziewiec.pl\/index.php\/2019\/05\/22\/a-moze-tarta\/","url_meta":{"origin":3031,"position":1},"title":"A mo\u017ce tarta?..","date":"22 maja 2019","format":false,"excerpt":"Dzwoni do Was telefon :\" Cze\u015b\u0107 s\u0142uchaj, wpadliby\u015bmy do Was dzi\u015b po po\u0142udniu co?\"\" Jasne wpadajcie b\u0119dzie nam bardzo mi\u0142o, to do zobaczenia po pracy.\"Teraz pozostaje nam tylko jako\u015b si\u0119 zorganizowa\u0107. Bior\u0105c po uwag\u0119, \u017ce w\u0142a\u015bnie jedziemy do pracy nie zostaje nam za wiele mo\u017cliwo\u015bci manu. My\u015blicie: \" c\u00f3\u017c kupi\u0119\u2026","rel":"","context":"In &quot;Bez kategorii&quot;","img":{"alt_text":"","src":"https:\/\/i1.wp.com\/siedemnadziewiec.pl\/wp-content\/uploads\/2019\/05\/20190512_080400.jpg?fit=1200%2C1000&ssl=1&resize=350%2C200","width":350,"height":200},"classes":[]},{"id":1824,"url":"https:\/\/siedemnadziewiec.pl\/index.php\/2016\/10\/02\/sliwka-rzadzi\/","url_meta":{"origin":3031,"position":2},"title":"\u015aliwka rz\u0105dzi!!!","date":"2 pa\u017adziernika 2016","format":false,"excerpt":"Kochani, czas \u015bliwkowy trwa w najlepsze, dlatego nie ma co si\u0119 zastanawia\u0107 i kombinowa\u0107 z innymi owocami - jak to m\u00f3wi\u0105 sezonowo - to jest zdrowo, tak\u017ce korzystaj\u0105c z sezonu r\u00f3bmy zapasy na zim\u0119. Powid\u0142a, d\u017cemy, marmolady, mro\u017conki wszystko jest w cenie\ud83d\ude0a.\u00a0 Ja dzi\u015b mam dla Was troszk\u0119 s\u0142odyczy tzn.\u2026","rel":"","context":"In &quot;CO\u015a INNEGO&quot;","img":{"alt_text":"","src":"https:\/\/i1.wp.com\/siedemnadziewiec.pl\/wp-content\/uploads\/2016\/10\/DSC08663.jpg?fit=1200%2C832&ssl=1&resize=350%2C200","width":350,"height":200},"classes":[]},{"id":1006,"url":"https:\/\/siedemnadziewiec.pl\/index.php\/2016\/05\/18\/ketchup-z-rabarbaru\/","url_meta":{"origin":3031,"position":3},"title":"Ketchup z rabarbaru","date":"18 maja 2016","format":false,"excerpt":"Sezon na rabarbar trwa w najlepsze, dlatego korzystam z sezonowo\u015bci Matki Natury jak tylko si\u0119 da. Wertuj\u0105c ksi\u0105\u017cki kucharskie z przepisami znalaz\u0142am przepis Dominiki W\u00f3jciak na ketchup z rabarbaru i nie mog\u0142am z niego nie skorzysta\u0107. Przepis jest super bo robi si\u0119 praktycznie sam, a w\u0142a\u015bciwie piecze w piekarniku.\u00a0Ska\u0142adniki:4 \u0142odygi\u2026","rel":"","context":"In &quot;CO\u015a INNEGO&quot;","img":{"alt_text":"","src":"https:\/\/i2.wp.com\/siedemnadziewiec.pl\/wp-content\/uploads\/2016\/05\/DSC03812.jpg?fit=1200%2C674&ssl=1&resize=350%2C200","width":350,"height":200},"classes":[]},{"id":5695,"url":"https:\/\/siedemnadziewiec.pl\/index.php\/2019\/03\/31\/festiwal-przerob-my-oczami-siedem-na-dziewiec\/","url_meta":{"origin":3031,"position":4},"title":"Festiwal Przer\u00f3b-My oczami Siedem na dziewi\u0119\u0107","date":"31 marca 2019","format":false,"excerpt":"W minion\u0105 sobot\u0119 23 \u00a0marca w Warszawie na pl. Konesera ruszy\u0142 dwudniowy Festiwal upcyklingu, r\u0119kodzie\u0142a i designu Przer\u00f3b- My i co tu du\u017co m\u00f3wi\u0107 nie mog\u0142o nas na nim \u00a0zabrakn\u0105\u0107!!! Wprawdzie w tym roku jeszcze nie jako wystawcy, a zwiedzaj\u0105ce, ale nie mogli\u015bmy opu\u015bci\u0107 tak bliskiej naszemu sercu imprezy. Ca\u0142ymi\u2026","rel":"","context":"In &quot;CO CZYTAMY\/GDZIE BYWAMY&quot;","img":{"alt_text":"","src":"https:\/\/i2.wp.com\/siedemnadziewiec.pl\/wp-content\/uploads\/2019\/03\/20190323_112519.jpg?fit=1200%2C888&ssl=1&resize=350%2C200","width":350,"height":200},"classes":[]},{"id":6708,"url":"https:\/\/siedemnadziewiec.pl\/index.php\/2020\/03\/01\/komoda-biblioteczna-diy\/","url_meta":{"origin":3031,"position":5},"title":"Komoda biblioteczna DIY","date":"1 marca 2020","format":false,"excerpt":"Pami\u0119tacie mo\u017ce stare komody - szafy biblioteczne pe\u0142ne ma\u0142ych szufladek? Jako dziecko uwielbia\u0142am chodzi\u0107 do biblioteki i szpera\u0107 w skryteczkach na karty katalogowe w poszukiwaniu ciekawych ksi\u0105\u017cek. Zawsze marzy\u0142am, aby mie\u0107 tak\u0105 kom\u00f3dk\u0119 u siebie w domu. Po kilkunastu latach spe\u0142ni\u0142am to marzenie przy pomocy mojego m\u0119\u017ca, kt\u00f3ry zproponowa\u0142, \u017ce\u2026","rel":"","context":"In &quot;PRZEDPOK\u00d3J&quot;","img":{"alt_text":"","src":"https:\/\/i1.wp.com\/siedemnadziewiec.pl\/wp-content\/uploads\/2020\/03\/komoda_title-scaled.jpg?fit=901%2C1200&ssl=1&resize=350%2C200","width":350,"height":200},"classes":[]}],"_links":{"self":[{"href":"https:\/\/siedemnadziewiec.pl\/index.php\/wp-json\/wp\/v2\/posts\/3031"}],"collection":[{"href":"https:\/\/siedemnadziewiec.pl\/index.php\/wp-json\/wp\/v2\/posts"}],"about":[{"href":"https:\/\/siedemnadziewiec.pl\/index.php\/wp-json\/wp\/v2\/types\/post"}],"author":[{"embeddable":true,"href":"https:\/\/siedemnadziewiec.pl\/index.php\/wp-json\/wp\/v2\/users\/1"}],"replies":[{"embeddable":true,"href":"https:\/\/siedemnadziewiec.pl\/index.php\/wp-json\/wp\/v2\/comments?post=3031"}],"version-history":[{"count":7,"href":"https:\/\/siedemnadziewiec.pl\/index.php\/wp-json\/wp\/v2\/posts\/3031\/revisions"}],"predecessor-version":[{"id":3245,"href":"https:\/\/siedemnadziewiec.pl\/index.php\/wp-json\/wp\/v2\/posts\/3031\/revisions\/3245"}],"wp:featuredmedia":[{"embeddable":true,"href":"https:\/\/siedemnadziewiec.pl\/index.php\/wp-json\/wp\/v2\/media\/3033"}],"wp:attachment":[{"href":"https:\/\/siedemnadziewiec.pl\/index.php\/wp-json\/wp\/v2\/media?parent=3031"}],"wp:term":[{"taxonomy":"category","embeddable":true,"href":"https:\/\/siedemnadziewiec.pl\/index.php\/wp-json\/wp\/v2\/categories?post=3031"},{"taxonomy":"post_tag","embeddable":true,"href":"https:\/\/siedemnadziewiec.pl\/index.php\/wp-json\/wp\/v2\/tags?post=3031"}],"curies":[{"name":"wp","href":"https:\/\/api.w.org\/{rel}","templated":true}]}}